{"id":1614,"date":"2026-03-10T13:52:47","date_gmt":"2026-03-10T13:52:47","guid":{"rendered":"https:\/\/pharmaexpress-dqgycfacb4dkfre9.centralus-01.azurewebsites.net\/?p=1614"},"modified":"2026-03-10T13:52:50","modified_gmt":"2026-03-10T13:52:50","slug":"mulheres-que-marcaram-a-historia-da-saude","status":"publish","type":"post","link":"https:\/\/pharmaexpressmed.com.br\/en\/2026\/03\/10\/mulheres-que-marcaram-a-historia-da-saude\/","title":{"rendered":"Mulheres que marcaram a hist\u00f3ria da sa\u00fade"},"content":{"rendered":"<p style=\"font-size:18px\">Neste \u00faltimo domingo (08), foi comemorado o dia internacional da mulher. Ao longo da hist\u00f3ria, a ci\u00eancia, a medicina entre outras \u00e1reas da sa\u00fade, foram impactadas por mulheres que desafiaram limites, abriram caminhos e deixaram contribui\u00e7\u00f5es que seguem salvando vidas at\u00e9 hoje. Por isso, relembrar essas trajet\u00f3rias \u00e9 tamb\u00e9m reconhecer o papel fundamental que elas desempenham no avan\u00e7o da sa\u00fade, da pesquisa cient\u00edfica e do cuidado com a sociedade.<\/p>\n\n\n\n<p style=\"font-size:18px\">De descobertas que revolucionaram a medicina a iniciativas humanit\u00e1rias que transformaram a sa\u00fade p\u00fablica, conhe\u00e7a algumas mulheres que marcaram e que ainda continuam marcando a hist\u00f3ria da sa\u00fade no Brasil e no mundo.<\/p>\n\n\n\n<p style=\"font-size:20px\"><strong>Marie Curie (1867\u20131934)<\/strong><\/p>\n\n\n\n<p style=\"font-size:18px\">Poucas cientistas tiveram impacto t\u00e3o profundo na medicina quanto Marie Curie. A f\u00edsica e qu\u00edmica polonesa naturalizada francesa foi respons\u00e1vel por pesquisas pioneiras sobre a radioatividade, que abriram caminho para tecnologias fundamentais no diagn\u00f3stico e tratamento de doen\u00e7as, especialmente no combate ao c\u00e2ncer.<\/p>\n\n\n\n<p style=\"font-size:18px\">Marie Curie foi a primeira pessoa a receber dois pr\u00eamios Nobel em \u00e1reas cient\u00edficas distintas, sendo em F\u00edsica e Qu\u00edmica, e tamb\u00e9m a primeira mulher a conquistar a premia\u00e7\u00e3o. Suas descobertas sobre os elementos r\u00e1dio e pol\u00f4nio ajudaram a estabelecer as bases da radiologia e da radioterapia, hoje essenciais para a medicina moderna.<\/p>\n\n\n\n<p style=\"font-size:18px\">Durante a Primeira Guerra Mundial, tamb\u00e9m organizou unidades m\u00f3veis de radiografia para auxiliar m\u00e9dicos no atendimento a soldados feridos, ampliando o acesso \u00e0 tecnologia m\u00e9dica em situa\u00e7\u00f5es de emerg\u00eancia.<\/p>\n\n\n\n<p style=\"font-size:20px\"><strong>Nise da Silveira (1905\u20131999)<\/strong><\/p>\n\n\n\n<p style=\"font-size:18px\">A psiquiatra brasileira Nise da Silveira transformou a forma como pacientes com transtornos mentais eram tratados no pa\u00eds. Em um per\u00edodo em que pr\u00e1ticas agressivas eram comuns na psiquiatria, como eletrochoque, ela passou a defender uma abordagem baseada no respeito, na escuta e na express\u00e3o art\u00edstica.<\/p>\n\n\n\n<p style=\"font-size:18px\">Al\u00e9m disso, seu trabalho demonstrou o potencial terap\u00eautico da arte no tratamento de doen\u00e7as mentais, levando \u00e0 cria\u00e7\u00e3o de espa\u00e7os de express\u00e3o art\u00edstica para pacientes psiqui\u00e1tricos. A abordagem humanizada defendida por Nise contribuiu para ampliar o debate sobre sa\u00fade mental e influenciou pr\u00e1ticas que hoje fazem parte das discuss\u00f5es contempor\u00e2neas sobre cuidado e dignidade no tratamento psiqui\u00e1trico.<\/p>\n\n\n\n<p style=\"font-size:20px\"><strong>Zilda Arns (1934\u20132010)<\/strong><\/p>\n\n\n\n<p style=\"font-size:18px\">A m\u00e9dica pediatra e sanitarista brasileira Zilda Arns dedicou sua vida \u00e0 sa\u00fade p\u00fablica e \u00e0 prote\u00e7\u00e3o da inf\u00e2ncia. Fundadora da Pastoral da Crian\u00e7a, ela criou uma rede de mobiliza\u00e7\u00e3o comunit\u00e1ria voltada ao combate \u00e0 desnutri\u00e7\u00e3o e \u00e0 mortalidade infantil.<\/p>\n\n\n\n<p style=\"font-size:18px\">Baseado em a\u00e7\u00f5es simples de preven\u00e7\u00e3o, orienta\u00e7\u00e3o familiar e acompanhamento das comunidades, o trabalho da organiza\u00e7\u00e3o contribuiu para reduzir significativamente as taxas de mortalidade infantil no Brasil e passou a ser replicado em diversos pa\u00edses. Zilda Arns passou a ser reconhecida internacionalmente, tornou-se refer\u00eancia em iniciativas de sa\u00fade comunit\u00e1ria e foi indicada ao Pr\u00eamio Nobel da Paz por sua atua\u00e7\u00e3o humanit\u00e1ria.<\/p>\n\n\n\n<p style=\"font-size:20px\"><strong>Margaret Chan (1947)<\/strong><\/p>\n\n\n\n<p style=\"font-size:18px\">A m\u00e9dica chinesa Margaret Chan ganhou proje\u00e7\u00e3o internacional ao liderar a Organiza\u00e7\u00e3o Mundial da Sa\u00fade (OMS) entre 2006 e 2017. Durante sua gest\u00e3o como diretora-geral, a institui\u00e7\u00e3o enfrentou importantes desafios globais relacionados a epidemias e emerg\u00eancias sanit\u00e1rias.<\/p>\n\n\n\n<p style=\"font-size:18px\">Com uma trajet\u00f3ria marcada pela atua\u00e7\u00e3o em sa\u00fade p\u00fablica e gest\u00e3o sanit\u00e1ria, Chan refor\u00e7ou a import\u00e2ncia da coopera\u00e7\u00e3o internacional e do fortalecimento dos sistemas de sa\u00fade para enfrentar crises globais e ampliar o acesso a cuidados m\u00e9dicos.<\/p>\n\n\n\n<p style=\"font-size:20px\"><strong>Brenda Lee (1948\u20131996)<\/strong><\/p>\n\n\n\n<p style=\"font-size:18px\">O surgimento da epidemia de HIV\/AIDS foi um dos momentos mais desafiadores da hist\u00f3ria recente da sa\u00fade, e a ativista brasileira Brenda Lee tornou-se refer\u00eancia em acolhimento e cuidado para popula\u00e7\u00f5es vulner\u00e1veis.<\/p>\n\n\n\n<p style=\"font-size:18px\">Conhecida como \u201canjo da guarda das travestis\u201d, em 1980 ela fundou em S\u00e3o Paulo a Casa de Apoio Brenda Lee, um espa\u00e7o dedicado a oferecer abrigo e assist\u00eancia a pessoas vivendo com HIV em uma \u00e9poca marcada por medo, desinforma\u00e7\u00e3o e forte estigma social. Seu trabalho ajudou a ampliar o debate sobre dignidade, direitos e acesso \u00e0 sa\u00fade para grupos historicamente marginalizados.<\/p>\n\n\n\n<p style=\"font-size:20px\"><strong>Tatiana Sampaio (1966)<\/strong><\/p>\n\n\n\n<p style=\"font-size:18px\">A cientista brasileira Tatiana Sampaio ganhou destaque por liderar pesquisas sobre a polilaminina, uma mol\u00e9cula desenvolvida em laborat\u00f3rio com potencial para auxiliar na regenera\u00e7\u00e3o de neur\u00f4nios e no tratamento de les\u00f5es medulares.<\/p>\n\n\n\n<p style=\"font-size:18px\">Professora da Universidade Federal do Rio de Janeiro (UFRJ), ela dedica d\u00e9cadas de pesquisa ao estudo da laminina, prote\u00edna essencial para a comunica\u00e7\u00e3o entre neur\u00f4nios. A partir desses estudos surgiu a polilaminina, descoberta que despertou grande expectativa na comunidade cient\u00edfica pela possibilidade de ajudar na recupera\u00e7\u00e3o de movimentos em pacientes com les\u00f5es na medula espinhal. A trajet\u00f3ria da pesquisadora evidencia o protagonismo feminino na ci\u00eancia brasileira e o potencial da pesquisa nacional para gerar avan\u00e7os relevantes na medicina.<\/p>\n\n\n\n<p style=\"font-size:20px\"><strong>Representatividade na sa\u00fade<\/strong><\/p>\n\n\n\n<p style=\"font-size:18px\">Cada uma dessas mulheres representa um caminho diferente dentro da sa\u00fade, sendo na pesquisa cient\u00edfica \u00e0 gest\u00e3o internacional, do cuidado comunit\u00e1rio \u00e0 inova\u00e7\u00e3o m\u00e9dica. Em comum, todas demonstram como conhecimento, compromisso e coragem podem transformar realidades e ampliar o acesso \u00e0 sa\u00fade.<\/p>\n\n\n\n<p style=\"font-size:18px\">Nessa homenagem ao Dia Internacional da Mulher, a Pharma Express celebra as trajet\u00f3rias que ajudaram a construir a hist\u00f3ria da sa\u00fade e reconhece a import\u00e2ncia de todas as mulheres que, diariamente, fazem esse sistema continuar funcionando, seja na ci\u00eancia, na gest\u00e3o, no atendimento ou no cuidado direto com os pacientes.<\/p>","protected":false},"excerpt":{"rendered":"<p>Neste \u00faltimo domingo (08), foi comemorado o dia internacional da mulher. Ao longo da hist\u00f3ria, a ci\u00eancia, a medicina entre [&hellip;]<\/p>\n","protected":false},"author":2,"featured_media":1615,"comment_status":"closed","ping_status":"open","sticky":false,"template":"","format":"standard","meta":{"_eb_attr":"","_uag_custom_page_level_css":"","site-sidebar-layout":"default","site-content-layout":"","ast-site-content-layout":"default","site-content-style":"default","site-sidebar-style":"default","ast-global-header-display":"","ast-banner-title-visibility":"","ast-main-header-display":"","ast-hfb-above-header-display":"","ast-hfb-below-header-display":"","ast-hfb-mobile-header-display":"","site-post-title":"","ast-breadcrumbs-content":"","ast-featured-img":"","footer-sml-layout":"","ast-disable-related-posts":"","theme-transparent-header-meta":"","adv-header-id-meta":"","stick-header-meta":"","header-above-stick-meta":"","header-main-stick-meta":"","header-below-stick-meta":"","astra-migrate-meta-layouts":"default","ast-page-background-enabled":"default","ast-page-background-meta":{"desktop":{"background-color":"var(--ast-global-color-5)","background-image":"","background-repeat":"repeat","background-position":"center center","background-size":"auto","background-attachment":"scroll","background-type":"","background-media":"","overlay-type":"","overlay-color":"","overlay-opacity":"","overlay-gradient":""},"tablet":{"background-color":"","background-image":"","background-repeat":"repeat","background-position":"center center","background-size":"auto","background-attachment":"scroll","background-type":"","background-media":"","overlay-type":"","overlay-color":"","overlay-opacity":"","overlay-gradient":""},"mobile":{"background-color":"","background-image":"","background-repeat":"repeat","background-position":"center center","background-size":"auto","background-attachment":"scroll","background-type":"","background-media":"","overlay-type":"","overlay-color":"","overlay-opacity":"","overlay-gradient":""}},"ast-content-background-meta":{"desktop":{"background-color":"var(--ast-global-color-4)","background-image":"","background-repeat":"repeat","background-position":"center center","background-size":"auto","background-attachment":"scroll","background-type":"","background-media":"","overlay-type":"","overlay-color":"","overlay-opacity":"","overlay-gradient":""},"tablet":{"background-color":"var(--ast-global-color-4)","background-image":"","background-repeat":"repeat","background-position":"center center","background-size":"auto","background-attachment":"scroll","background-type":"","background-media":"","overlay-type":"","overlay-color":"","overlay-opacity":"","overlay-gradient":""},"mobile":{"background-color":"var(--ast-global-color-4)","background-image":"","background-repeat":"repeat","background-position":"center center","background-size":"auto","background-attachment":"scroll","background-type":"","background-media":"","overlay-type":"","overlay-color":"","overlay-opacity":"","overlay-gradient":""}},"_jetpack_memberships_contains_paid_content":false,"footnotes":""},"categories":[1],"tags":[31,23,33,26],"class_list":["post-1614","post","type-post","status-publish","format-standard","has-post-thumbnail","hentry","category-uncategorized","tag-desenvolvimento","tag-pharma-express","tag-representatividade","tag-saude"],"featured_image_src":"\/wp-content\/uploads\/2026\/03\/Mulheres-que-marcaram-a-historia-da-saude-scaled.png","author_info":{"display_name":"PharmaExpress","author_link":"https:\/\/pharmaexpressmed.com.br\/en\/author\/pharmaexpress\/"},"jetpack_featured_media_url":"\/wp-content\/uploads\/2026\/03\/Mulheres-que-marcaram-a-historia-da-saude-scaled.png","uagb_featured_image_src":{"full":["\/wp-content\/uploads\/2026\/03\/Mulheres-que-marcaram-a-historia-da-saude-scaled.png",2560,1966,false],"thumbnail":["\/wp-content\/uploads\/2026\/03\/Mulheres-que-marcaram-a-historia-da-saude-150x150.png",150,150,true],"medium":["\/wp-content\/uploads\/2026\/03\/Mulheres-que-marcaram-a-historia-da-saude-300x230.png",300,230,true],"medium_large":["\/wp-content\/uploads\/2026\/03\/Mulheres-que-marcaram-a-historia-da-saude-768x590.png",768,590,true],"large":["\/wp-content\/uploads\/2026\/03\/Mulheres-que-marcaram-a-historia-da-saude-1024x786.png",1024,786,true],"1536x1536":["\/wp-content\/uploads\/2026\/03\/Mulheres-que-marcaram-a-historia-da-saude-1536x1180.png",1536,1180,true],"2048x2048":["\/wp-content\/uploads\/2026\/03\/Mulheres-que-marcaram-a-historia-da-saude-2048x1573.png",2048,1573,true],"trp-custom-language-flag":["\/wp-content\/uploads\/2026\/03\/Mulheres-que-marcaram-a-historia-da-saude-16x12.png",16,12,true],"ultp_layout_landscape_large":["\/wp-content\/uploads\/2026\/03\/Mulheres-que-marcaram-a-historia-da-saude-1200x800.png",1200,800,true],"ultp_layout_landscape":["\/wp-content\/uploads\/2026\/03\/Mulheres-que-marcaram-a-historia-da-saude-870x570.png",870,570,true],"ultp_layout_portrait":["\/wp-content\/uploads\/2026\/03\/Mulheres-que-marcaram-a-historia-da-saude-600x900.png",600,900,true],"ultp_layout_square":["\/wp-content\/uploads\/2026\/03\/Mulheres-que-marcaram-a-historia-da-saude-600x600.png",600,600,true],"mailpoet_newsletter_max":["\/wp-content\/uploads\/2026\/03\/Mulheres-que-marcaram-a-historia-da-saude-1320x1014.png",1320,1014,true]},"uagb_author_info":{"display_name":"PharmaExpress","author_link":"https:\/\/pharmaexpressmed.com.br\/en\/author\/pharmaexpress\/"},"uagb_comment_info":0,"uagb_excerpt":"Neste \u00faltimo domingo (08), foi comemorado o dia internacional da mulher. Ao longo da hist\u00f3ria, a ci\u00eancia, a medicina entre [&hellip;]","jetpack_sharing_enabled":true,"_links":{"self":[{"href":"https:\/\/pharmaexpressmed.com.br\/en\/wp-json\/wp\/v2\/posts\/1614","targetHints":{"allow":["GET"]}}],"collection":[{"href":"https:\/\/pharmaexpressmed.com.br\/en\/wp-json\/wp\/v2\/posts"}],"about":[{"href":"https:\/\/pharmaexpressmed.com.br\/en\/wp-json\/wp\/v2\/types\/post"}],"author":[{"embeddable":true,"href":"https:\/\/pharmaexpressmed.com.br\/en\/wp-json\/wp\/v2\/users\/2"}],"replies":[{"embeddable":true,"href":"https:\/\/pharmaexpressmed.com.br\/en\/wp-json\/wp\/v2\/comments?post=1614"}],"version-history":[{"count":1,"href":"https:\/\/pharmaexpressmed.com.br\/en\/wp-json\/wp\/v2\/posts\/1614\/revisions"}],"predecessor-version":[{"id":1616,"href":"https:\/\/pharmaexpressmed.com.br\/en\/wp-json\/wp\/v2\/posts\/1614\/revisions\/1616"}],"wp:featuredmedia":[{"embeddable":true,"href":"https:\/\/pharmaexpressmed.com.br\/en\/wp-json\/wp\/v2\/media\/1615"}],"wp:attachment":[{"href":"https:\/\/pharmaexpressmed.com.br\/en\/wp-json\/wp\/v2\/media?parent=1614"}],"wp:term":[{"taxonomy":"category","embeddable":true,"href":"https:\/\/pharmaexpressmed.com.br\/en\/wp-json\/wp\/v2\/categories?post=1614"},{"taxonomy":"post_tag","embeddable":true,"href":"https:\/\/pharmaexpressmed.com.br\/en\/wp-json\/wp\/v2\/tags?post=1614"}],"curies":[{"name":"wp","href":"https:\/\/api.w.org\/{rel}","templated":true}]}}