{"id":1620,"date":"2026-03-12T16:36:20","date_gmt":"2026-03-12T16:36:20","guid":{"rendered":"https:\/\/pharmaexpress-dqgycfacb4dkfre9.centralus-01.azurewebsites.net\/?p=1620"},"modified":"2026-03-12T16:37:50","modified_gmt":"2026-03-12T16:37:50","slug":"alzheimer-entenda-a-doenca-e-seus-avancos","status":"publish","type":"post","link":"https:\/\/pharmaexpressmed.com.br\/en\/2026\/03\/12\/alzheimer-entenda-a-doenca-e-seus-avancos\/","title":{"rendered":"Alzheimer: Entenda a doen\u00e7a e seus avan\u00e7os"},"content":{"rendered":"<p style=\"font-size:18px\">O Alzheimer \u00e9 uma das doen\u00e7as neurodegenerativas mais desafiadoras da atualidade. Mais do que afetar a mem\u00f3ria, ele altera a forma como a pessoa se relaciona com o mundo e com o tempo, com as pr\u00f3prias lembran\u00e7as. Aos poucos, tarefas simples passam a exigir esfor\u00e7o, palavras se tornam dif\u00edceis de encontrar e situa\u00e7\u00f5es cotidianas passam a gerar confus\u00e3o. Entretanto, se trata de um processo progressivo que acaba afetando n\u00e3o apenas quem recebe o diagn\u00f3stico, mas tamb\u00e9m as pessoas que ficam ao seu redor sendo a rede de cuidados.<\/p>\n\n\n\n<p style=\"font-size:18px\">Nos est\u00e1gios iniciais, os sinais podem ser discretos e muitas vezes s\u00e3o confundidos com distra\u00e7\u00e3o ou envelhecimento natural. Pequenos esquecimentos frequentes, dificuldade para organizar tarefas ou pequenas mudan\u00e7as no racioc\u00ednio e no comportamento podem indicar a necessidade de uma ida ao m\u00e9dico. Por isso, o diagn\u00f3stico precoce \u00e9 considerado um dos pontos mais importantes no cuidado da doen\u00e7a, pois possibilita iniciar acompanhamento e tratamento em fases em que ainda h\u00e1 maior potencial de controle.<\/p>\n\n\n\n<p style=\"font-size:20px\"><strong>Decifrando a doen\u00e7a<\/strong><\/p>\n\n\n\n<p style=\"font-size:18px\">O Alzheimer ocorre devido a altera\u00e7\u00f5es no c\u00e9rebro que comprometem a comunica\u00e7\u00e3o entre os neur\u00f4nios. Entre os mecanismos mais estudados est\u00e1 o ac\u00famulo da prote\u00edna beta-amiloide, que forma placas no tecido cerebral e contribui para a degenera\u00e7\u00e3o das c\u00e9lulas nervosas ao longo do tempo. Esse processo afeta fun\u00e7\u00f5es cognitivas essenciais, como mem\u00f3ria, linguagem, orienta\u00e7\u00e3o e capacidade de realizar atividades cotidianas.<\/p>\n\n\n\n<p style=\"font-size:20px\"><strong>Principais sinais nas fases iniciais<\/strong><\/p>\n\n\n\n<p style=\"font-size:18px\">Alguns sintomas podem surgir de forma gradual e merecem aten\u00e7\u00e3o quando se tornam frequentes:<\/p>\n\n\n\n<ul class=\"wp-block-list\">\n<li style=\"font-size:18px\">Esquecimento recorrente de informa\u00e7\u00f5es recentes<\/li>\n\n\n\n<li style=\"font-size:18px\">Dificuldade para planejar ou resolver tarefas simples<\/li>\n\n\n\n<li style=\"font-size:18px\">Problemas para encontrar palavras durante conversas<\/li>\n\n\n\n<li style=\"font-size:18px\">Desorienta\u00e7\u00e3o em rela\u00e7\u00e3o a datas ou lugares<\/li>\n\n\n\n<li style=\"font-size:18px\">Mudan\u00e7as de humor, comportamento ou personalidade<\/li>\n<\/ul>\n\n\n\n<p style=\"font-size:18px\">Reconhecer esses sinais precocemente \u00e9 fundamental para buscar avalia\u00e7\u00e3o especializada e iniciar o acompanhamento adequado.<\/p>\n\n\n\n<p style=\"font-size:20px\"><strong>Fatores de risco modific\u00e1veis<\/strong><\/p>\n\n\n\n<p style=\"font-size:18px\">Embora a idade seja o principal fator associado ao Alzheimer, estudos indicam que alguns aspectos do estilo de vida podem influenciar o risco de desenvolvimento da doen\u00e7a. Entre os fatores considerados modific\u00e1veis est\u00e3o:<\/p>\n\n\n\n<ul class=\"wp-block-list\">\n<li style=\"font-size:18px\">Sedentarismo<\/li>\n\n\n\n<li style=\"font-size:18px\">Baixo est\u00edmulo cognitivo ao longo da vida<\/li>\n\n\n\n<li style=\"font-size:18px\">Tabagismo<\/li>\n\n\n\n<li style=\"font-size:18px\">Consumo excessivo de \u00e1lcool<\/li>\n\n\n\n<li style=\"font-size:18px\">Hipertens\u00e3o e doen\u00e7as cardiovasculares n\u00e3o controladas<\/li>\n\n\n\n<li style=\"font-size:18px\">Diabetes e obesidade<\/li>\n<\/ul>\n\n\n\n<p style=\"font-size:18px\">A ado\u00e7\u00e3o de h\u00e1bitos saud\u00e1veis, aliada ao acompanhamento m\u00e9dico regular, pode contribuir para a sa\u00fade cerebral e para a redu\u00e7\u00e3o de riscos associados ao decl\u00ednio cognitivo.<\/p>\n\n\n\n<p style=\"font-size:20px\"><strong>Avan\u00e7os no tratamento da doen\u00e7a<\/strong><\/p>\n\n\n\n<p style=\"font-size:18px\">Nos \u00faltimos anos, a ci\u00eancia tem avan\u00e7ado na busca por terapias capazes de retardar a progress\u00e3o do Alzheimer. Em 2026, um marco importante ocorreu no Brasil, a Ag\u00eancia Nacional de Vigil\u00e2ncia Sanit\u00e1ria (Anvisa) aprovou o uso do lecanemabe, um medicamento inovador indicado para pacientes diagnosticados com a doen\u00e7a em est\u00e1gio inicial.<\/p>\n\n\n\n<p style=\"font-size:18px\">O tratamento pertence \u00e0 classe dos medicamentos biol\u00f3gicos e atua diretamente na redu\u00e7\u00e3o das placas de beta-amiloide no c\u00e9rebro, sendo um dos principais fatores associados \u00e0 progress\u00e3o da doen\u00e7a. Administrado por infus\u00e3o intravenosa em intervalos regulares, o medicamento demonstrou, em estudos cl\u00ednicos, capacidade de desacelerar o decl\u00ednio cognitivo em pacientes diagnosticados precocemente. Embora o Alzheimer ainda n\u00e3o tenha cura, avan\u00e7os como esse representam uma nova perspectiva para o cuidado com a doen\u00e7a, ampliando as possibilidades de tratamento e oferecendo esperan\u00e7a para pacientes, familiares e profissionais da sa\u00fade.<\/p>\n\n\n\n<p style=\"font-size:18px\">Falar sobre Alzheimer tamb\u00e9m significa ampliar o acesso \u00e0 informa\u00e7\u00e3o. Quanto mais a sociedade compreende os sinais da doen\u00e7a e as alternativas de tratamento dispon\u00edveis, maiores s\u00e3o as chances de promover diagn\u00f3stico precoce, cuidado adequado e melhor qualidade de vida para quem convive com essa condi\u00e7\u00e3o.<\/p>\n\n\n\n<p><\/p>","protected":false},"excerpt":{"rendered":"<p>O Alzheimer \u00e9 uma das doen\u00e7as neurodegenerativas mais desafiadoras da atualidade. Mais do que afetar a mem\u00f3ria, ele altera a [&hellip;]<\/p>\n","protected":false},"author":2,"featured_media":1621,"comment_status":"closed","ping_status":"open","sticky":false,"template":"","format":"standard","meta":{"_eb_attr":"","_uag_custom_page_level_css":"","site-sidebar-layout":"default","site-content-layout":"","ast-site-content-layout":"default","site-content-style":"default","site-sidebar-style":"default","ast-global-header-display":"","ast-banner-title-visibility":"","ast-main-header-display":"","ast-hfb-above-header-display":"","ast-hfb-below-header-display":"","ast-hfb-mobile-header-display":"","site-post-title":"","ast-breadcrumbs-content":"","ast-featured-img":"","footer-sml-layout":"","ast-disable-related-posts":"","theme-transparent-header-meta":"","adv-header-id-meta":"","stick-header-meta":"","header-above-stick-meta":"","header-main-stick-meta":"","header-below-stick-meta":"","astra-migrate-meta-layouts":"default","ast-page-background-enabled":"default","ast-page-background-meta":{"desktop":{"background-color":"var(--ast-global-color-5)","background-image":"","background-repeat":"repeat","background-position":"center center","background-size":"auto","background-attachment":"scroll","background-type":"","background-media":"","overlay-type":"","overlay-color":"","overlay-opacity":"","overlay-gradient":""},"tablet":{"background-color":"","background-image":"","background-repeat":"repeat","background-position":"center center","background-size":"auto","background-attachment":"scroll","background-type":"","background-media":"","overlay-type":"","overlay-color":"","overlay-opacity":"","overlay-gradient":""},"mobile":{"background-color":"","background-image":"","background-repeat":"repeat","background-position":"center center","background-size":"auto","background-attachment":"scroll","background-type":"","background-media":"","overlay-type":"","overlay-color":"","overlay-opacity":"","overlay-gradient":""}},"ast-content-background-meta":{"desktop":{"background-color":"var(--ast-global-color-4)","background-image":"","background-repeat":"repeat","background-position":"center center","background-size":"auto","background-attachment":"scroll","background-type":"","background-media":"","overlay-type":"","overlay-color":"","overlay-opacity":"","overlay-gradient":""},"tablet":{"background-color":"var(--ast-global-color-4)","background-image":"","background-repeat":"repeat","background-position":"center center","background-size":"auto","background-attachment":"scroll","background-type":"","background-media":"","overlay-type":"","overlay-color":"","overlay-opacity":"","overlay-gradient":""},"mobile":{"background-color":"var(--ast-global-color-4)","background-image":"","background-repeat":"repeat","background-position":"center center","background-size":"auto","background-attachment":"scroll","background-type":"","background-media":"","overlay-type":"","overlay-color":"","overlay-opacity":"","overlay-gradient":""}},"_jetpack_memberships_contains_paid_content":false,"footnotes":""},"categories":[1],"tags":[42,25,23,26],"class_list":["post-1620","post","type-post","status-publish","format-standard","has-post-thumbnail","hentry","category-uncategorized","tag-alzheimer","tag-mercado-farmaceutico","tag-pharma-express","tag-saude"],"featured_image_src":"\/wp-content\/uploads\/2026\/03\/dimensoes-site-scaled.png","author_info":{"display_name":"PharmaExpress","author_link":"https:\/\/pharmaexpressmed.com.br\/en\/author\/pharmaexpress\/"},"jetpack_featured_media_url":"\/wp-content\/uploads\/2026\/03\/dimensoes-site-scaled.png","uagb_featured_image_src":{"full":["\/wp-content\/uploads\/2026\/03\/dimensoes-site-scaled.png",2560,1966,false],"thumbnail":["\/wp-content\/uploads\/2026\/03\/dimensoes-site-150x150.png",150,150,true],"medium":["\/wp-content\/uploads\/2026\/03\/dimensoes-site-300x230.png",300,230,true],"medium_large":["\/wp-content\/uploads\/2026\/03\/dimensoes-site-768x590.png",768,590,true],"large":["\/wp-content\/uploads\/2026\/03\/dimensoes-site-1024x786.png",1024,786,true],"1536x1536":["\/wp-content\/uploads\/2026\/03\/dimensoes-site-1536x1180.png",1536,1180,true],"2048x2048":["\/wp-content\/uploads\/2026\/03\/dimensoes-site-2048x1573.png",2048,1573,true],"trp-custom-language-flag":["\/wp-content\/uploads\/2026\/03\/dimensoes-site-16x12.png",16,12,true],"ultp_layout_landscape_large":["\/wp-content\/uploads\/2026\/03\/dimensoes-site-1200x800.png",1200,800,true],"ultp_layout_landscape":["\/wp-content\/uploads\/2026\/03\/dimensoes-site-870x570.png",870,570,true],"ultp_layout_portrait":["\/wp-content\/uploads\/2026\/03\/dimensoes-site-600x900.png",600,900,true],"ultp_layout_square":["\/wp-content\/uploads\/2026\/03\/dimensoes-site-600x600.png",600,600,true],"mailpoet_newsletter_max":["\/wp-content\/uploads\/2026\/03\/dimensoes-site-1320x1014.png",1320,1014,true]},"uagb_author_info":{"display_name":"PharmaExpress","author_link":"https:\/\/pharmaexpressmed.com.br\/en\/author\/pharmaexpress\/"},"uagb_comment_info":0,"uagb_excerpt":"O Alzheimer \u00e9 uma das doen\u00e7as neurodegenerativas mais desafiadoras da atualidade. Mais do que afetar a mem\u00f3ria, ele altera a [&hellip;]","jetpack_sharing_enabled":true,"_links":{"self":[{"href":"https:\/\/pharmaexpressmed.com.br\/en\/wp-json\/wp\/v2\/posts\/1620","targetHints":{"allow":["GET"]}}],"collection":[{"href":"https:\/\/pharmaexpressmed.com.br\/en\/wp-json\/wp\/v2\/posts"}],"about":[{"href":"https:\/\/pharmaexpressmed.com.br\/en\/wp-json\/wp\/v2\/types\/post"}],"author":[{"embeddable":true,"href":"https:\/\/pharmaexpressmed.com.br\/en\/wp-json\/wp\/v2\/users\/2"}],"replies":[{"embeddable":true,"href":"https:\/\/pharmaexpressmed.com.br\/en\/wp-json\/wp\/v2\/comments?post=1620"}],"version-history":[{"count":1,"href":"https:\/\/pharmaexpressmed.com.br\/en\/wp-json\/wp\/v2\/posts\/1620\/revisions"}],"predecessor-version":[{"id":1622,"href":"https:\/\/pharmaexpressmed.com.br\/en\/wp-json\/wp\/v2\/posts\/1620\/revisions\/1622"}],"wp:featuredmedia":[{"embeddable":true,"href":"https:\/\/pharmaexpressmed.com.br\/en\/wp-json\/wp\/v2\/media\/1621"}],"wp:attachment":[{"href":"https:\/\/pharmaexpressmed.com.br\/en\/wp-json\/wp\/v2\/media?parent=1620"}],"wp:term":[{"taxonomy":"category","embeddable":true,"href":"https:\/\/pharmaexpressmed.com.br\/en\/wp-json\/wp\/v2\/categories?post=1620"},{"taxonomy":"post_tag","embeddable":true,"href":"https:\/\/pharmaexpressmed.com.br\/en\/wp-json\/wp\/v2\/tags?post=1620"}],"curies":[{"name":"wp","href":"https:\/\/api.w.org\/{rel}","templated":true}]}}